{"id":51,"date":"2006-04-08T14:01:33","date_gmt":"2006-04-08T13:01:33","guid":{"rendered":"http:\/\/tricker.cz\/?p=51"},"modified":"2006-04-08T14:01:33","modified_gmt":"2006-04-08T13:01:33","slug":"povodne-2006-v-roudnici-nad-labem","status":"publish","type":"post","link":"https:\/\/tricker.cz\/?p=51","title":{"rendered":"Povodn\u011b 2006 v Roudnici nad Labem"},"content":{"rendered":"\n<p align=\"justify\">Leto\u0161n\u00ed rok sebou za tu kr\u00e1tkou dobu, co je na sv\u011bt\u011b, p\u0159inesl krom jin\u00e9ho i dal\u0161\u00ed povodn\u011b. S povodn\u011bmi je spjata \u0159ada z\u00e1le\u017eitost\u00ed, od z\u00e1chrann\u00fdch prac\u00ed, evakua\u010dn\u00edch p\u0159esun\u016f a\u017e po tzv. &quot;povod\u0148ovou turistiku&quot;, kdy se \u0159ada nej\u010dast\u011bji z\u00e1plavami neposti\u017een\u00fdch lid\u00ed chod\u00ed koukat na zv\u00fd\u0161enou vodu, jako na atrakci. I j\u00e1 jsem se vydal jednoho kr\u00e1sn\u00e9ho dne na men\u0161\u00ed proch\u00e1zku a po\u0159\u00eddil n\u011bkolik sn\u00edmk\u016f, kter\u00e9 jsem dnes za\u0159adil do galerie. <a href=\"http:\/\/tricker.cz\/photo\/thumbnails.php?album=118\" target=\"_blank\">Naleznete je zde<\/a>.<\/p>\n<p align=\"center\">&nbsp;<a href=\"http:\/\/tricker.cz\/photo\/thumbnails.php?album=118\" target=\"_blank\"><img decoding=\"async\" loading=\"lazy\" width=\"400\" height=\"459\" border=\"0\" title=\"Zaplavy\" alt=\"Zaplavy\" src=\"http:\/\/tricker.cz\/wp-content\/zaplavy.jpg\" \/><\/a><\/p>\n<div align=\"justify\">Pokud V\u00e1s to zaj\u00edm\u00e1, tak \u0159adu dal\u0161\u00edch sn\u00edmk\u016f lze n\u00e1lezt na str\u00e1nce <a href=\"http:\/\/www.roudnice.net\/povoden.htm\" target=\"_blank\">Davida Vancla<\/a>. <\/div>\n<p>&nbsp;<\/p>\n","protected":false},"excerpt":{"rendered":"<p>Leto\u0161n\u00ed rok sebou za tu kr\u00e1tkou dobu, co je na sv\u011bt\u011b, p\u0159inesl krom jin\u00e9ho i dal\u0161\u00ed povodn\u011b. S povodn\u011bmi je spjata \u0159ada z\u00e1le\u017eitost\u00ed, od z\u00e1chrann\u00fdch prac\u00ed, evakua\u010dn\u00edch p\u0159esun\u016f a\u017e po tzv. &quot;povod\u0148ovou turistiku&quot;, kdy se \u0159ada nej\u010dast\u011bji z\u00e1plavami neposti\u017een\u00fdch lid\u00ed&#8230; <a class=\"more-link\" href=\"https:\/\/tricker.cz\/?p=51\">Pokra\u010dovat ve \u010dten\u00ed &rarr;<\/a><\/p>\n","protected":false},"author":1,"featured_media":0,"comment_status":"open","ping_status":"open","sticky":false,"template":"","format":"standard","meta":{"footnotes":""},"categories":[2],"tags":[],"_links":{"self":[{"href":"https:\/\/tricker.cz\/index.php?rest_route=\/wp\/v2\/posts\/51"}],"collection":[{"href":"https:\/\/tricker.cz\/index.php?rest_route=\/wp\/v2\/posts"}],"about":[{"href":"https:\/\/tricker.cz\/index.php?rest_route=\/wp\/v2\/types\/post"}],"author":[{"embeddable":true,"href":"https:\/\/tricker.cz\/index.php?rest_route=\/wp\/v2\/users\/1"}],"replies":[{"embeddable":true,"href":"https:\/\/tricker.cz\/index.php?rest_route=%2Fwp%2Fv2%2Fcomments&post=51"}],"version-history":[{"count":0,"href":"https:\/\/tricker.cz\/index.php?rest_route=\/wp\/v2\/posts\/51\/revisions"}],"wp:attachment":[{"href":"https:\/\/tricker.cz\/index.php?rest_route=%2Fwp%2Fv2%2Fmedia&parent=51"}],"wp:term":[{"taxonomy":"category","embeddable":true,"href":"https:\/\/tricker.cz\/index.php?rest_route=%2Fwp%2Fv2%2Fcategories&post=51"},{"taxonomy":"post_tag","embeddable":true,"href":"https:\/\/tricker.cz\/index.php?rest_route=%2Fwp%2Fv2%2Ftags&post=51"}],"curies":[{"name":"wp","href":"https:\/\/api.w.org\/{rel}","templated":true}]}}